{"id":41895,"date":"2021-01-06T22:06:57","date_gmt":"2021-01-06T22:06:57","guid":{"rendered":"http:\/\/flamenconsciente.com\/?p=41895"},"modified":"2024-04-30T12:08:22","modified_gmt":"2024-04-30T12:08:22","slug":"el-flamenco-con-el-corazon-en-las-manos","status":"publish","type":"post","link":"https:\/\/flamenconsciente.com\/en\/el-flamenco-con-el-corazon-en-las-manos\/","title":{"rendered":"El Flamenco con el coraz\u00f3n en las manos"},"content":{"rendered":"\t\t<div data-elementor-type=\"wp-post\" data-elementor-id=\"41895\" class=\"elementor elementor-41895\">\n\t\t\t\t<div class=\"elementor-element elementor-element-2345337a e-flex e-con-boxed e-con e-parent\" data-id=\"2345337a\" data-element_type=\"container\">\n\t\t\t\t\t<div class=\"e-con-inner\">\n\t\t\t\t<div class=\"elementor-element elementor-element-1c7942a4 elementor-widget elementor-widget-text-editor\" data-id=\"1c7942a4\" data-element_type=\"widget\" data-widget_type=\"text-editor.default\">\n\t\t\t\t<div class=\"elementor-widget-container\">\n\t\t\t\t\t\t\t<p><!-- wp:divi\/placeholder --><\/p>\n<p class=\"has-text-align-center\">En la expresi\u00f3n, los gestos y el movimiento personal de tus manos est\u00e1 ese aspecto profundo y emocional de ti. En tus manos est\u00e1, nunca mejor dicho, descubrir tu mundo interior.<\/p>\n<p><!-- \/divi:paragraph --><\/p>\n<p><!-- divi:image {\"align\":\"right\",\"id\":39197,\"width\":341,\"height\":341,\"className\":\"is-style-default\"} --><\/p>\n<div class=\"wp-block-image is-style-default\">\n<figure class=\"alignright is-resized\"><img fetchpriority=\"high\" decoding=\"async\" src=\"https:\/\/www.la-india.es\/wp-content\/uploads\/2018\/06\/v52-300x300.jpg\" alt=\" Las manos no son algo que pueda estructurarse como una escobilla de pies, la expresi\u00f3n de las manos es algo que surge con el tiempo a medida que, c\u00f3mo alumna o alumno avanzado, vas \u201cimprimiendo tu personalidad\u201d o \u201cdescubriendo qui\u00e9n eres\u201d.\" class=\"wp-image-39197\" width=\"341\" height=\"341\"><p><\/p>\n<figcaption><em>Como aquellas gitanas de la avenida de la Constituci\u00f3n, que junto a su ramito de romero ven all\u00ed tu vida entera, eres t\u00fa quien tiene que descubrir en tus propias manos tu suerte, tu destino y tu verdad.&nbsp;<\/em><\/figcaption>\n<\/figure>\n<\/div>\n<p><!-- \/divi:image --><\/p>\n<p><!-- divi:paragraph --><\/p>\n<p>Es con ellas con quien tocas tu coraz\u00f3n y si te fijas, no puedes hacerlo tan naturalmente con ninguna otra parte de tu cuerpo. Presta atenci\u00f3n a las veces, en las que se\u00f1alas tu pecho indicando al coraz\u00f3n cuando hablas de ti; y de una forma autom\u00e1tica y sin sentido no est\u00e1s presente en ello. Las manos con sus cinco dedos como los tent\u00e1culos de tus brazos y hombros, son la expresi\u00f3n, la&nbsp;expansi\u00f3n, la voz y el lenguaje de tu coraz\u00f3n. <\/p>\n<p><!-- \/divi:paragraph --><\/p>\n<p><!-- divi:paragraph --><\/p>\n<p>Cuando t\u00fa bailas, ellas expresan las memorias profundas de tu alma alojadas en tu coraz\u00f3n, tanto si lo sabes o no, esto es as\u00ed y no puedes controlarlo. Las manos no son algo que pueda estructurarse como una escobilla de pies; la expresi\u00f3n de las manos es algo que surge con el tiempo a medida que, c\u00f3mo alumna o alumno avanzado, vas&nbsp;<em>\u201cimprimiendo tu personalidad<\/em>\u201d o \u201c<em>descubriendo qui\u00e9n eres\u201d.<\/em>&nbsp;<\/p>\n<p><!-- \/divi:paragraph --><\/p>\n<p><!-- divi:paragraph --><\/p>\n<p>Hay una gran diferencia en estas dos premisas&nbsp;y es el quid de la cuesti\u00f3n desmenuzarlas. La primera viene del ego, de lo que crees de ti, de tu mente, de la personalidad que \u00e9l crea para sobrevivir en la vida. La segunda viene de tu coraz\u00f3n, de lo que sientes, de tu intuici\u00f3n y es quien expresa tu esencia. Cuando imprimes tu personalidad a las manos, es tu ego quien se expresa; y cuando vas descubriendo paso a paso qui\u00e9n eres, es tu esencia la que se asoma.&nbsp;&nbsp;Ellas, las manos, tambi\u00e9n aprenden a crear una estructura o una forma ideal de ser o moverse siguiendo las \u00f3rdenes de tu mente, del mismo modo que lo hace el resto de tu cuerpo, pero la diferencia es que ellas son m\u00e1s sensibles al coraz\u00f3n que a la mente y cuando bailas se desmarcan r\u00e1pidamente del ego. <\/p>\n<p><!-- \/divi:paragraph --><\/p>\n<p><!-- divi:paragraph --><\/p>\n<p>El cuerpo mantiene la estructura de la colocaci\u00f3n dentro del comp\u00e1s, con el paso correcto y bien hecho bajo las ordenes mentales; pudiendo desconectar de la emoci\u00f3n. Ellas, al no tener que sostener ninguna estructura, sincronizan lo que est\u00e1 ocurriendo entre tus emociones y los est\u00edmulos externos; respondiendo visceralmente&nbsp;&nbsp;&nbsp;pueden cambiar de temperatura r\u00e1pidamente, se humedecen, pican, se calientan, sudan, se mueven sin control temblando o teniendo un tic nervioso. Expresan la inocencia de la autenticidad desde el momento cero, porque est\u00e1n en la l\u00ednea directa del coraz\u00f3n; exhibiendo lo que \u00e9l siente y que el resto de tu cuerpo intenta disimular.<\/p>\n<p><!-- \/divi:paragraph --><\/p>\n<p><!-- divi:paragraph --><\/p>\n<p> A ellas no puedes exigirles arte, pellizco, <a href=\"http:\/\/flamenconsciente.com\/buscando-la-flamencura\/\" target=\"_blank\" rel=\"noreferrer noopener\">flamencura<\/a>, aunque las entrenes, por el contrario el cuerpo puede vestirse con el&nbsp;<em>disfraz de lunares<\/em>, pero literalmente, ellas salen desnudas. El flamenco tiene una t\u00e9cnica y una estructura muy clara cuando de baile se trata. Existe t\u00e9cnica de manos donde la mu\u00f1eca tiene ejercicios y cada dedo puede entrenarse para adquirir movilidad y soltura. <\/p>\n<p><!-- \/divi:paragraph --><\/p>\n<p><!-- divi:paragraph --><\/p>\n<p>Pero la mano como expresi\u00f3n de unidad, es decir, la palma de la mano donde el tacto es agudo y la percepci\u00f3n es precisa, al punto de reconocer al tacto el rostro de las personas que amamos, no puedes ponerle&nbsp;<em>un guante,<\/em>&nbsp;una forma flamenca que impida el fluir de la energ\u00eda de la vida que late en tu coraz\u00f3n, porque pierdes el \u00fanico punto de todo tu cuerpo que a la hora de bailar flamenco no responde a un m\u00e9todo. Las manos se sostienen en la estructura de un brazo bien colocado y alineado, pero son libres de esa armaz\u00f3n. <\/p>\n<p><!-- \/divi:paragraph --><\/p>\n<p><!-- divi:paragraph {\"align\":\"right\"} --><\/p>\n<p class=\"has-text-align-right\">La India<\/p>\n<p><!-- \/divi:paragraph --><\/p>\n<p><!-- divi:paragraph {\"align\":\"right\"} --><\/p>\n<p class=\"has-text-align-right\">Terapeuta corporal, flamenca, escritora.<\/p>\n<p><!-- \/wp:divi\/placeholder --><\/p>\t\t\t\t\t\t<\/div>\n\t\t\t\t<\/div>\n\t\t\t\t\t<\/div>\n\t\t\t\t<\/div>\n\t\t\t\t<\/div>\n\t\t","protected":false},"excerpt":{"rendered":"<p>Como aquellas gitanas de la avenida de la Constituci\u00f3n, que junto a su ramito de romero ven all\u00ed tu vida entera, eres t\u00fa quien tiene que descubrir en tus propias manos tu suerte, tu destino y tu verdad. <\/p>\n","protected":false},"author":35,"featured_media":48882,"comment_status":"open","ping_status":"open","sticky":false,"template":"","format":"standard","meta":{"site-sidebar-layout":"default","site-content-layout":"","ast-site-content-layout":"","site-content-style":"default","site-sidebar-style":"default","ast-global-header-display":"","ast-banner-title-visibility":"","ast-main-header-display":"","ast-hfb-above-header-display":"","ast-hfb-below-header-display":"","ast-hfb-mobile-header-display":"","site-post-title":"","ast-breadcrumbs-content":"","ast-featured-img":"","footer-sml-layout":"","theme-transparent-header-meta":"","adv-header-id-meta":"","stick-header-meta":"","header-above-stick-meta":"","header-main-stick-meta":"","header-below-stick-meta":"","astra-migrate-meta-layouts":"default","ast-page-background-enabled":"default","ast-page-background-meta":{"desktop":{"background-color":"var(--ast-global-color-4)","background-image":"","background-repeat":"repeat","background-position":"center center","background-size":"auto","background-attachment":"scroll","background-type":"","background-media":"","overlay-type":"","overlay-color":"","overlay-opacity":"","overlay-gradient":""},"tablet":{"background-color":"","background-image":"","background-repeat":"repeat","background-position":"center center","background-size":"auto","background-attachment":"scroll","background-type":"","background-media":"","overlay-type":"","overlay-color":"","overlay-opacity":"","overlay-gradient":""},"mobile":{"background-color":"","background-image":"","background-repeat":"repeat","background-position":"center center","background-size":"auto","background-attachment":"scroll","background-type":"","background-media":"","overlay-type":"","overlay-color":"","overlay-opacity":"","overlay-gradient":""}},"ast-content-background-meta":{"desktop":{"background-color":"var(--ast-global-color-5)","background-image":"","background-repeat":"repeat","background-position":"center center","background-size":"auto","background-attachment":"scroll","background-type":"","background-media":"","overlay-type":"","overlay-color":"","overlay-opacity":"","overlay-gradient":""},"tablet":{"background-color":"var(--ast-global-color-5)","background-image":"","background-repeat":"repeat","background-position":"center center","background-size":"auto","background-attachment":"scroll","background-type":"","background-media":"","overlay-type":"","overlay-color":"","overlay-opacity":"","overlay-gradient":""},"mobile":{"background-color":"var(--ast-global-color-5)","background-image":"","background-repeat":"repeat","background-position":"center center","background-size":"auto","background-attachment":"scroll","background-type":"","background-media":"","overlay-type":"","overlay-color":"","overlay-opacity":"","overlay-gradient":""}},"_joinchat":[],"footnotes":""},"categories":[1],"tags":[34,25,30],"class_list":["post-41895","post","type-post","status-publish","format-standard","has-post-thumbnail","hentry","category-sin-categorizar","tag-clases-de-flamenco","tag-flamenco","tag-flamenconsciente"],"_links":{"self":[{"href":"https:\/\/flamenconsciente.com\/en\/wp-json\/wp\/v2\/posts\/41895","targetHints":{"allow":["GET"]}}],"collection":[{"href":"https:\/\/flamenconsciente.com\/en\/wp-json\/wp\/v2\/posts"}],"about":[{"href":"https:\/\/flamenconsciente.com\/en\/wp-json\/wp\/v2\/types\/post"}],"author":[{"embeddable":true,"href":"https:\/\/flamenconsciente.com\/en\/wp-json\/wp\/v2\/users\/35"}],"replies":[{"embeddable":true,"href":"https:\/\/flamenconsciente.com\/en\/wp-json\/wp\/v2\/comments?post=41895"}],"version-history":[{"count":11,"href":"https:\/\/flamenconsciente.com\/en\/wp-json\/wp\/v2\/posts\/41895\/revisions"}],"predecessor-version":[{"id":48895,"href":"https:\/\/flamenconsciente.com\/en\/wp-json\/wp\/v2\/posts\/41895\/revisions\/48895"}],"wp:featuredmedia":[{"embeddable":true,"href":"https:\/\/flamenconsciente.com\/en\/wp-json\/wp\/v2\/media\/48882"}],"wp:attachment":[{"href":"https:\/\/flamenconsciente.com\/en\/wp-json\/wp\/v2\/media?parent=41895"}],"wp:term":[{"taxonomy":"category","embeddable":true,"href":"https:\/\/flamenconsciente.com\/en\/wp-json\/wp\/v2\/categories?post=41895"},{"taxonomy":"post_tag","embeddable":true,"href":"https:\/\/flamenconsciente.com\/en\/wp-json\/wp\/v2\/tags?post=41895"}],"curies":[{"name":"wp","href":"https:\/\/api.w.org\/{rel}","templated":true}]}}